{"id":2616,"date":"2023-03-30T13:12:22","date_gmt":"2023-03-30T11:12:22","guid":{"rendered":"https:\/\/catalanwines.com\/?p=2616"},"modified":"2023-03-30T13:14:20","modified_gmt":"2023-03-30T11:14:20","slug":"feria-del-vino-del-pirineo","status":"publish","type":"post","link":"https:\/\/catalanwines.com\/es\/feria-del-vino-del-pirineo\/","title":{"rendered":"Feria del Vino del Pirineo"},"content":{"rendered":"\n<p>La Feria del Vino quiere dar a conocer las bodegas y sus vinos, no s\u00f3lo de la comarca, sino tambi\u00e9n del Alt Pirineu.<br>El fin de semana del 10 al 12 de junio, se celebra la cata de vinos, que se acompa\u00f1ar\u00e1 con la degustaci\u00f3n de productos elaborados por los restaurantes de la comarca.<br>El s\u00e1bado de feria existe la posibilidad de visitar las bodegas que est\u00e1n en funcionamiento y las bodegas particulares de los vecinos, con lo que se completa un fin de semana donde el vino y sus elaboradores son los principales protagonistas.<\/p>\n","protected":false},"excerpt":{"rendered":"<p>La Feria del Vino quiere dar a conocer las bodegas y sus vinos, no s\u00f3lo de la comarca, sino tambi\u00e9n del Alt Pirineu.El fin de semana del 10 al 12 de junio, se celebra la cata de vinos, que se acompa\u00f1ar\u00e1 con la degustaci\u00f3n de productos elaborados por los restaurantes de la comarca.El s\u00e1bado de &hellip; <a href=\"https:\/\/catalanwines.com\/es\/feria-del-vino-del-pirineo\/\">Continued<\/a><\/p>\n","protected":false},"author":6,"featured_media":2610,"comment_status":"open","ping_status":"open","sticky":false,"template":"template-agenda.blade.php","format":"standard","meta":{"_acf_changed":false,"footnotes":""},"categories":[30],"tags":[],"class_list":["post-2616","post","type-post","status-publish","format-standard","has-post-thumbnail","hentry","category-agenda-es"],"acf":[],"yoast_head":"<!-- This site is optimized with the Yoast SEO plugin v27.4 - https:\/\/yoast.com\/product\/yoast-seo-wordpress\/ -->\n<title>Feria del Vino del Pirineo - Catalan Wines<\/title>\n<meta name=\"description\" content=\"Tota l&#039;actualitat, informaci\u00f3 i \u00faltimes not\u00edcies del sector vitivin\u00edcola catal\u00e0 les trobar\u00e0s a Catalan Wines.\" \/>\n<meta name=\"robots\" content=\"index, follow, max-snippet:-1, max-image-preview:large, max-video-preview:-1\" \/>\n<link rel=\"canonical\" href=\"https:\/\/catalanwines.com\/es\/feria-del-vino-del-pirineo\/\" \/>\n<meta property=\"og:locale\" content=\"es_ES\" \/>\n<meta property=\"og:type\" content=\"article\" \/>\n<meta property=\"og:title\" content=\"Feria del Vino del Pirineo - Catalan Wines\" \/>\n<meta property=\"og:description\" content=\"Tota l&#039;actualitat, informaci\u00f3 i \u00faltimes not\u00edcies del sector vitivin\u00edcola catal\u00e0 les trobar\u00e0s a Catalan Wines.\" \/>\n<meta property=\"og:url\" content=\"https:\/\/catalanwines.com\/es\/feria-del-vino-del-pirineo\/\" \/>\n<meta property=\"og:site_name\" content=\"Catalan Wines\" \/>\n<meta property=\"article:published_time\" content=\"2023-03-30T11:12:22+00:00\" \/>\n<meta property=\"article:modified_time\" content=\"2023-03-30T11:14:20+00:00\" \/>\n<meta property=\"og:image\" content=\"https:\/\/catalanwines.com\/app\/uploads\/2023\/03\/Fira-del-Vi-del-Pirineu.jpg\" \/>\n\t<meta property=\"og:image:width\" content=\"1080\" \/>\n\t<meta property=\"og:image:height\" content=\"1080\" \/>\n\t<meta property=\"og:image:type\" content=\"image\/jpeg\" \/>\n<meta name=\"author\" content=\"Conchi Roque\" \/>\n<meta name=\"twitter:card\" content=\"summary_large_image\" \/>\n<meta name=\"twitter:label1\" content=\"Escrito por\" \/>\n\t<meta name=\"twitter:data1\" content=\"Conchi Roque\" \/>\n\t<meta name=\"twitter:label2\" content=\"Tiempo de lectura\" \/>\n\t<meta name=\"twitter:data2\" content=\"1 minuto\" \/>\n<script type=\"application\/ld+json\" class=\"yoast-schema-graph\">{\"@context\":\"https:\\\/\\\/schema.org\",\"@graph\":[{\"@type\":\"Article\",\"@id\":\"https:\\\/\\\/catalanwines.com\\\/es\\\/feria-del-vino-del-pirineo\\\/#article\",\"isPartOf\":{\"@id\":\"https:\\\/\\\/catalanwines.com\\\/es\\\/feria-del-vino-del-pirineo\\\/\"},\"author\":{\"name\":\"Conchi Roque\",\"@id\":\"https:\\\/\\\/catalanwines.com\\\/es\\\/#\\\/schema\\\/person\\\/42887927d38e04967b972951cb4b6e4c\"},\"headline\":\"Feria del Vino del Pirineo\",\"datePublished\":\"2023-03-30T11:12:22+00:00\",\"dateModified\":\"2023-03-30T11:14:20+00:00\",\"mainEntityOfPage\":{\"@id\":\"https:\\\/\\\/catalanwines.com\\\/es\\\/feria-del-vino-del-pirineo\\\/\"},\"wordCount\":104,\"commentCount\":0,\"image\":{\"@id\":\"https:\\\/\\\/catalanwines.com\\\/es\\\/feria-del-vino-del-pirineo\\\/#primaryimage\"},\"thumbnailUrl\":\"https:\\\/\\\/catalanwines.com\\\/app\\\/uploads\\\/2023\\\/03\\\/Fira-del-Vi-del-Pirineu.jpg\",\"articleSection\":[\"Agenda\"],\"inLanguage\":\"es\",\"potentialAction\":[{\"@type\":\"CommentAction\",\"name\":\"Comment\",\"target\":[\"https:\\\/\\\/catalanwines.com\\\/es\\\/feria-del-vino-del-pirineo\\\/#respond\"]}]},{\"@type\":\"WebPage\",\"@id\":\"https:\\\/\\\/catalanwines.com\\\/es\\\/feria-del-vino-del-pirineo\\\/\",\"url\":\"https:\\\/\\\/catalanwines.com\\\/es\\\/feria-del-vino-del-pirineo\\\/\",\"name\":\"Feria del Vino del Pirineo - Catalan Wines\",\"isPartOf\":{\"@id\":\"https:\\\/\\\/catalanwines.com\\\/es\\\/#website\"},\"primaryImageOfPage\":{\"@id\":\"https:\\\/\\\/catalanwines.com\\\/es\\\/feria-del-vino-del-pirineo\\\/#primaryimage\"},\"image\":{\"@id\":\"https:\\\/\\\/catalanwines.com\\\/es\\\/feria-del-vino-del-pirineo\\\/#primaryimage\"},\"thumbnailUrl\":\"https:\\\/\\\/catalanwines.com\\\/app\\\/uploads\\\/2023\\\/03\\\/Fira-del-Vi-del-Pirineu.jpg\",\"datePublished\":\"2023-03-30T11:12:22+00:00\",\"dateModified\":\"2023-03-30T11:14:20+00:00\",\"author\":{\"@id\":\"https:\\\/\\\/catalanwines.com\\\/es\\\/#\\\/schema\\\/person\\\/42887927d38e04967b972951cb4b6e4c\"},\"description\":\"Tota l'actualitat, informaci\u00f3 i \u00faltimes not\u00edcies del sector vitivin\u00edcola catal\u00e0 les trobar\u00e0s a Catalan Wines.\",\"breadcrumb\":{\"@id\":\"https:\\\/\\\/catalanwines.com\\\/es\\\/feria-del-vino-del-pirineo\\\/#breadcrumb\"},\"inLanguage\":\"es\",\"potentialAction\":[{\"@type\":\"ReadAction\",\"target\":[\"https:\\\/\\\/catalanwines.com\\\/es\\\/feria-del-vino-del-pirineo\\\/\"]}]},{\"@type\":\"ImageObject\",\"inLanguage\":\"es\",\"@id\":\"https:\\\/\\\/catalanwines.com\\\/es\\\/feria-del-vino-del-pirineo\\\/#primaryimage\",\"url\":\"https:\\\/\\\/catalanwines.com\\\/app\\\/uploads\\\/2023\\\/03\\\/Fira-del-Vi-del-Pirineu.jpg\",\"contentUrl\":\"https:\\\/\\\/catalanwines.com\\\/app\\\/uploads\\\/2023\\\/03\\\/Fira-del-Vi-del-Pirineu.jpg\",\"width\":1080,\"height\":1080},{\"@type\":\"BreadcrumbList\",\"@id\":\"https:\\\/\\\/catalanwines.com\\\/es\\\/feria-del-vino-del-pirineo\\\/#breadcrumb\",\"itemListElement\":[{\"@type\":\"ListItem\",\"position\":1,\"name\":\"Inici\",\"item\":\"https:\\\/\\\/catalanwines.com\\\/es\\\/\"},{\"@type\":\"ListItem\",\"position\":2,\"name\":\"Feria del Vino del Pirineo\"}]},{\"@type\":\"WebSite\",\"@id\":\"https:\\\/\\\/catalanwines.com\\\/es\\\/#website\",\"url\":\"https:\\\/\\\/catalanwines.com\\\/es\\\/\",\"name\":\"Catalan Wines\",\"description\":\"Catalunya, on el vi es cultura\",\"potentialAction\":[{\"@type\":\"SearchAction\",\"target\":{\"@type\":\"EntryPoint\",\"urlTemplate\":\"https:\\\/\\\/catalanwines.com\\\/es\\\/?s={search_term_string}\"},\"query-input\":{\"@type\":\"PropertyValueSpecification\",\"valueRequired\":true,\"valueName\":\"search_term_string\"}}],\"inLanguage\":\"es\"},{\"@type\":\"Person\",\"@id\":\"https:\\\/\\\/catalanwines.com\\\/es\\\/#\\\/schema\\\/person\\\/42887927d38e04967b972951cb4b6e4c\",\"name\":\"Conchi Roque\",\"image\":{\"@type\":\"ImageObject\",\"inLanguage\":\"es\",\"@id\":\"https:\\\/\\\/secure.gravatar.com\\\/avatar\\\/1f69d2a19577f2ebb2146b44e27511ba7be2f4ae13e71d254ea8b2a63f6cd464?s=96&d=mm&r=g\",\"url\":\"https:\\\/\\\/secure.gravatar.com\\\/avatar\\\/1f69d2a19577f2ebb2146b44e27511ba7be2f4ae13e71d254ea8b2a63f6cd464?s=96&d=mm&r=g\",\"contentUrl\":\"https:\\\/\\\/secure.gravatar.com\\\/avatar\\\/1f69d2a19577f2ebb2146b44e27511ba7be2f4ae13e71d254ea8b2a63f6cd464?s=96&d=mm&r=g\",\"caption\":\"Conchi Roque\"},\"url\":\"https:\\\/\\\/catalanwines.com\\\/es\\\/author\\\/conchi\\\/\"}]}<\/script>\n<!-- \/ Yoast SEO plugin. -->","yoast_head_json":{"title":"Feria del Vino del Pirineo - Catalan Wines","description":"Tota l'actualitat, informaci\u00f3 i \u00faltimes not\u00edcies del sector vitivin\u00edcola catal\u00e0 les trobar\u00e0s a Catalan Wines.","robots":{"index":"index","follow":"follow","max-snippet":"max-snippet:-1","max-image-preview":"max-image-preview:large","max-video-preview":"max-video-preview:-1"},"canonical":"https:\/\/catalanwines.com\/es\/feria-del-vino-del-pirineo\/","og_locale":"es_ES","og_type":"article","og_title":"Feria del Vino del Pirineo - Catalan Wines","og_description":"Tota l'actualitat, informaci\u00f3 i \u00faltimes not\u00edcies del sector vitivin\u00edcola catal\u00e0 les trobar\u00e0s a Catalan Wines.","og_url":"https:\/\/catalanwines.com\/es\/feria-del-vino-del-pirineo\/","og_site_name":"Catalan Wines","article_published_time":"2023-03-30T11:12:22+00:00","article_modified_time":"2023-03-30T11:14:20+00:00","og_image":[{"width":1080,"height":1080,"url":"https:\/\/catalanwines.com\/app\/uploads\/2023\/03\/Fira-del-Vi-del-Pirineu.jpg","type":"image\/jpeg"}],"author":"Conchi Roque","twitter_card":"summary_large_image","twitter_misc":{"Escrito por":"Conchi Roque","Tiempo de lectura":"1 minuto"},"schema":{"@context":"https:\/\/schema.org","@graph":[{"@type":"Article","@id":"https:\/\/catalanwines.com\/es\/feria-del-vino-del-pirineo\/#article","isPartOf":{"@id":"https:\/\/catalanwines.com\/es\/feria-del-vino-del-pirineo\/"},"author":{"name":"Conchi Roque","@id":"https:\/\/catalanwines.com\/es\/#\/schema\/person\/42887927d38e04967b972951cb4b6e4c"},"headline":"Feria del Vino del Pirineo","datePublished":"2023-03-30T11:12:22+00:00","dateModified":"2023-03-30T11:14:20+00:00","mainEntityOfPage":{"@id":"https:\/\/catalanwines.com\/es\/feria-del-vino-del-pirineo\/"},"wordCount":104,"commentCount":0,"image":{"@id":"https:\/\/catalanwines.com\/es\/feria-del-vino-del-pirineo\/#primaryimage"},"thumbnailUrl":"https:\/\/catalanwines.com\/app\/uploads\/2023\/03\/Fira-del-Vi-del-Pirineu.jpg","articleSection":["Agenda"],"inLanguage":"es","potentialAction":[{"@type":"CommentAction","name":"Comment","target":["https:\/\/catalanwines.com\/es\/feria-del-vino-del-pirineo\/#respond"]}]},{"@type":"WebPage","@id":"https:\/\/catalanwines.com\/es\/feria-del-vino-del-pirineo\/","url":"https:\/\/catalanwines.com\/es\/feria-del-vino-del-pirineo\/","name":"Feria del Vino del Pirineo - Catalan Wines","isPartOf":{"@id":"https:\/\/catalanwines.com\/es\/#website"},"primaryImageOfPage":{"@id":"https:\/\/catalanwines.com\/es\/feria-del-vino-del-pirineo\/#primaryimage"},"image":{"@id":"https:\/\/catalanwines.com\/es\/feria-del-vino-del-pirineo\/#primaryimage"},"thumbnailUrl":"https:\/\/catalanwines.com\/app\/uploads\/2023\/03\/Fira-del-Vi-del-Pirineu.jpg","datePublished":"2023-03-30T11:12:22+00:00","dateModified":"2023-03-30T11:14:20+00:00","author":{"@id":"https:\/\/catalanwines.com\/es\/#\/schema\/person\/42887927d38e04967b972951cb4b6e4c"},"description":"Tota l'actualitat, informaci\u00f3 i \u00faltimes not\u00edcies del sector vitivin\u00edcola catal\u00e0 les trobar\u00e0s a Catalan Wines.","breadcrumb":{"@id":"https:\/\/catalanwines.com\/es\/feria-del-vino-del-pirineo\/#breadcrumb"},"inLanguage":"es","potentialAction":[{"@type":"ReadAction","target":["https:\/\/catalanwines.com\/es\/feria-del-vino-del-pirineo\/"]}]},{"@type":"ImageObject","inLanguage":"es","@id":"https:\/\/catalanwines.com\/es\/feria-del-vino-del-pirineo\/#primaryimage","url":"https:\/\/catalanwines.com\/app\/uploads\/2023\/03\/Fira-del-Vi-del-Pirineu.jpg","contentUrl":"https:\/\/catalanwines.com\/app\/uploads\/2023\/03\/Fira-del-Vi-del-Pirineu.jpg","width":1080,"height":1080},{"@type":"BreadcrumbList","@id":"https:\/\/catalanwines.com\/es\/feria-del-vino-del-pirineo\/#breadcrumb","itemListElement":[{"@type":"ListItem","position":1,"name":"Inici","item":"https:\/\/catalanwines.com\/es\/"},{"@type":"ListItem","position":2,"name":"Feria del Vino del Pirineo"}]},{"@type":"WebSite","@id":"https:\/\/catalanwines.com\/es\/#website","url":"https:\/\/catalanwines.com\/es\/","name":"Catalan Wines","description":"Catalunya, on el vi es cultura","potentialAction":[{"@type":"SearchAction","target":{"@type":"EntryPoint","urlTemplate":"https:\/\/catalanwines.com\/es\/?s={search_term_string}"},"query-input":{"@type":"PropertyValueSpecification","valueRequired":true,"valueName":"search_term_string"}}],"inLanguage":"es"},{"@type":"Person","@id":"https:\/\/catalanwines.com\/es\/#\/schema\/person\/42887927d38e04967b972951cb4b6e4c","name":"Conchi Roque","image":{"@type":"ImageObject","inLanguage":"es","@id":"https:\/\/secure.gravatar.com\/avatar\/1f69d2a19577f2ebb2146b44e27511ba7be2f4ae13e71d254ea8b2a63f6cd464?s=96&d=mm&r=g","url":"https:\/\/secure.gravatar.com\/avatar\/1f69d2a19577f2ebb2146b44e27511ba7be2f4ae13e71d254ea8b2a63f6cd464?s=96&d=mm&r=g","contentUrl":"https:\/\/secure.gravatar.com\/avatar\/1f69d2a19577f2ebb2146b44e27511ba7be2f4ae13e71d254ea8b2a63f6cd464?s=96&d=mm&r=g","caption":"Conchi Roque"},"url":"https:\/\/catalanwines.com\/es\/author\/conchi\/"}]}},"_links":{"self":[{"href":"https:\/\/catalanwines.com\/es\/wp-json\/wp\/v2\/posts\/2616","targetHints":{"allow":["GET"]}}],"collection":[{"href":"https:\/\/catalanwines.com\/es\/wp-json\/wp\/v2\/posts"}],"about":[{"href":"https:\/\/catalanwines.com\/es\/wp-json\/wp\/v2\/types\/post"}],"author":[{"embeddable":true,"href":"https:\/\/catalanwines.com\/es\/wp-json\/wp\/v2\/users\/6"}],"replies":[{"embeddable":true,"href":"https:\/\/catalanwines.com\/es\/wp-json\/wp\/v2\/comments?post=2616"}],"version-history":[{"count":3,"href":"https:\/\/catalanwines.com\/es\/wp-json\/wp\/v2\/posts\/2616\/revisions"}],"predecessor-version":[{"id":2619,"href":"https:\/\/catalanwines.com\/es\/wp-json\/wp\/v2\/posts\/2616\/revisions\/2619"}],"wp:featuredmedia":[{"embeddable":true,"href":"https:\/\/catalanwines.com\/es\/wp-json\/wp\/v2\/media\/2610"}],"wp:attachment":[{"href":"https:\/\/catalanwines.com\/es\/wp-json\/wp\/v2\/media?parent=2616"}],"wp:term":[{"taxonomy":"category","embeddable":true,"href":"https:\/\/catalanwines.com\/es\/wp-json\/wp\/v2\/categories?post=2616"},{"taxonomy":"post_tag","embeddable":true,"href":"https:\/\/catalanwines.com\/es\/wp-json\/wp\/v2\/tags?post=2616"}],"curies":[{"name":"wp","href":"https:\/\/api.w.org\/{rel}","templated":true}]}}