{"id":2613,"date":"2023-03-30T13:12:22","date_gmt":"2023-03-30T11:12:22","guid":{"rendered":"https:\/\/catalanwines.com\/?p=2613"},"modified":"2023-03-30T13:13:15","modified_gmt":"2023-03-30T11:13:15","slug":"pyrenees-wine-fair","status":"publish","type":"post","link":"https:\/\/catalanwines.com\/en\/pyrenees-wine-fair\/","title":{"rendered":"Pyrenees Wine Fair"},"content":{"rendered":"\n<p>The Wine Fair wants to make known the wineries and their wines, not only from the region, but also from the Upper Pyrenees.<br>On the weekend of June 10 to 12, the wine tasting is held, which will be accompanied by the tasting of products made by the restaurants in the region.<br>On the Saturday of the fair there is the possibility to visit the wineries that are in operation and the private cellars of the neighbors, which completes a weekend where wine and its producers are the main protagonists!<\/p>\n","protected":false},"excerpt":{"rendered":"<p>The Wine Fair wants to make known the wineries and their wines, not only from the region, but also from the Upper Pyrenees.On the weekend of June 10 to 12, the wine tasting is held, which will be accompanied by the tasting of products made by the restaurants in the region.On the Saturday of the &hellip; <a href=\"https:\/\/catalanwines.com\/en\/pyrenees-wine-fair\/\">Continued<\/a><\/p>\n","protected":false},"author":6,"featured_media":2609,"comment_status":"open","ping_status":"open","sticky":false,"template":"template-agenda.blade.php","format":"standard","meta":{"_acf_changed":false,"footnotes":""},"categories":[29],"tags":[],"class_list":["post-2613","post","type-post","status-publish","format-standard","has-post-thumbnail","hentry","category-agenda-en"],"acf":[],"yoast_head":"<!-- This site is optimized with the Yoast SEO plugin v27.4 - https:\/\/yoast.com\/product\/yoast-seo-wordpress\/ -->\n<title>Pyrenees Wine Fair - Catalan Wines<\/title>\n<meta name=\"description\" content=\"Tota l&#039;actualitat, informaci\u00f3 i \u00faltimes not\u00edcies del sector vitivin\u00edcola catal\u00e0 les trobar\u00e0s a Catalan Wines.\" \/>\n<meta name=\"robots\" content=\"index, follow, max-snippet:-1, max-image-preview:large, max-video-preview:-1\" \/>\n<link rel=\"canonical\" href=\"https:\/\/catalanwines.com\/en\/pyrenees-wine-fair\/\" \/>\n<meta property=\"og:locale\" content=\"en_US\" \/>\n<meta property=\"og:type\" content=\"article\" \/>\n<meta property=\"og:title\" content=\"Pyrenees Wine Fair - Catalan Wines\" \/>\n<meta property=\"og:description\" content=\"Tota l&#039;actualitat, informaci\u00f3 i \u00faltimes not\u00edcies del sector vitivin\u00edcola catal\u00e0 les trobar\u00e0s a Catalan Wines.\" \/>\n<meta property=\"og:url\" content=\"https:\/\/catalanwines.com\/en\/pyrenees-wine-fair\/\" \/>\n<meta property=\"og:site_name\" content=\"Catalan Wines\" \/>\n<meta property=\"article:published_time\" content=\"2023-03-30T11:12:22+00:00\" \/>\n<meta property=\"article:modified_time\" content=\"2023-03-30T11:13:15+00:00\" \/>\n<meta property=\"og:image\" content=\"https:\/\/catalanwines.com\/app\/uploads\/2023\/03\/Fira-del-Vi-del-Pirineu.jpg\" \/>\n\t<meta property=\"og:image:width\" content=\"1080\" \/>\n\t<meta property=\"og:image:height\" content=\"1080\" \/>\n\t<meta property=\"og:image:type\" content=\"image\/jpeg\" \/>\n<meta name=\"author\" content=\"Conchi Roque\" \/>\n<meta name=\"twitter:card\" content=\"summary_large_image\" \/>\n<meta name=\"twitter:label1\" content=\"Written by\" \/>\n\t<meta name=\"twitter:data1\" content=\"Conchi Roque\" \/>\n\t<meta name=\"twitter:label2\" content=\"Est. reading time\" \/>\n\t<meta name=\"twitter:data2\" content=\"1 minute\" \/>\n<script type=\"application\/ld+json\" class=\"yoast-schema-graph\">{\"@context\":\"https:\\\/\\\/schema.org\",\"@graph\":[{\"@type\":\"Article\",\"@id\":\"https:\\\/\\\/catalanwines.com\\\/en\\\/pyrenees-wine-fair\\\/#article\",\"isPartOf\":{\"@id\":\"https:\\\/\\\/catalanwines.com\\\/en\\\/pyrenees-wine-fair\\\/\"},\"author\":{\"name\":\"Conchi Roque\",\"@id\":\"https:\\\/\\\/catalanwines.com\\\/en\\\/#\\\/schema\\\/person\\\/42887927d38e04967b972951cb4b6e4c\"},\"headline\":\"Pyrenees Wine Fair\",\"datePublished\":\"2023-03-30T11:12:22+00:00\",\"dateModified\":\"2023-03-30T11:13:15+00:00\",\"mainEntityOfPage\":{\"@id\":\"https:\\\/\\\/catalanwines.com\\\/en\\\/pyrenees-wine-fair\\\/\"},\"wordCount\":91,\"commentCount\":0,\"image\":{\"@id\":\"https:\\\/\\\/catalanwines.com\\\/en\\\/pyrenees-wine-fair\\\/#primaryimage\"},\"thumbnailUrl\":\"https:\\\/\\\/catalanwines.com\\\/app\\\/uploads\\\/2023\\\/03\\\/Fira-del-Vi-del-Pirineu.jpg\",\"articleSection\":[\"Agenda\"],\"inLanguage\":\"en-US\",\"potentialAction\":[{\"@type\":\"CommentAction\",\"name\":\"Comment\",\"target\":[\"https:\\\/\\\/catalanwines.com\\\/en\\\/pyrenees-wine-fair\\\/#respond\"]}]},{\"@type\":\"WebPage\",\"@id\":\"https:\\\/\\\/catalanwines.com\\\/en\\\/pyrenees-wine-fair\\\/\",\"url\":\"https:\\\/\\\/catalanwines.com\\\/en\\\/pyrenees-wine-fair\\\/\",\"name\":\"Pyrenees Wine Fair - Catalan Wines\",\"isPartOf\":{\"@id\":\"https:\\\/\\\/catalanwines.com\\\/en\\\/#website\"},\"primaryImageOfPage\":{\"@id\":\"https:\\\/\\\/catalanwines.com\\\/en\\\/pyrenees-wine-fair\\\/#primaryimage\"},\"image\":{\"@id\":\"https:\\\/\\\/catalanwines.com\\\/en\\\/pyrenees-wine-fair\\\/#primaryimage\"},\"thumbnailUrl\":\"https:\\\/\\\/catalanwines.com\\\/app\\\/uploads\\\/2023\\\/03\\\/Fira-del-Vi-del-Pirineu.jpg\",\"datePublished\":\"2023-03-30T11:12:22+00:00\",\"dateModified\":\"2023-03-30T11:13:15+00:00\",\"author\":{\"@id\":\"https:\\\/\\\/catalanwines.com\\\/en\\\/#\\\/schema\\\/person\\\/42887927d38e04967b972951cb4b6e4c\"},\"description\":\"Tota l'actualitat, informaci\u00f3 i \u00faltimes not\u00edcies del sector vitivin\u00edcola catal\u00e0 les trobar\u00e0s a Catalan Wines.\",\"breadcrumb\":{\"@id\":\"https:\\\/\\\/catalanwines.com\\\/en\\\/pyrenees-wine-fair\\\/#breadcrumb\"},\"inLanguage\":\"en-US\",\"potentialAction\":[{\"@type\":\"ReadAction\",\"target\":[\"https:\\\/\\\/catalanwines.com\\\/en\\\/pyrenees-wine-fair\\\/\"]}]},{\"@type\":\"ImageObject\",\"inLanguage\":\"en-US\",\"@id\":\"https:\\\/\\\/catalanwines.com\\\/en\\\/pyrenees-wine-fair\\\/#primaryimage\",\"url\":\"https:\\\/\\\/catalanwines.com\\\/app\\\/uploads\\\/2023\\\/03\\\/Fira-del-Vi-del-Pirineu.jpg\",\"contentUrl\":\"https:\\\/\\\/catalanwines.com\\\/app\\\/uploads\\\/2023\\\/03\\\/Fira-del-Vi-del-Pirineu.jpg\",\"width\":1080,\"height\":1080},{\"@type\":\"BreadcrumbList\",\"@id\":\"https:\\\/\\\/catalanwines.com\\\/en\\\/pyrenees-wine-fair\\\/#breadcrumb\",\"itemListElement\":[{\"@type\":\"ListItem\",\"position\":1,\"name\":\"Inici\",\"item\":\"https:\\\/\\\/catalanwines.com\\\/en\\\/\"},{\"@type\":\"ListItem\",\"position\":2,\"name\":\"Pyrenees Wine Fair\"}]},{\"@type\":\"WebSite\",\"@id\":\"https:\\\/\\\/catalanwines.com\\\/en\\\/#website\",\"url\":\"https:\\\/\\\/catalanwines.com\\\/en\\\/\",\"name\":\"Catalan Wines\",\"description\":\"Catalunya, on el vi es cultura\",\"potentialAction\":[{\"@type\":\"SearchAction\",\"target\":{\"@type\":\"EntryPoint\",\"urlTemplate\":\"https:\\\/\\\/catalanwines.com\\\/en\\\/?s={search_term_string}\"},\"query-input\":{\"@type\":\"PropertyValueSpecification\",\"valueRequired\":true,\"valueName\":\"search_term_string\"}}],\"inLanguage\":\"en-US\"},{\"@type\":\"Person\",\"@id\":\"https:\\\/\\\/catalanwines.com\\\/en\\\/#\\\/schema\\\/person\\\/42887927d38e04967b972951cb4b6e4c\",\"name\":\"Conchi Roque\",\"image\":{\"@type\":\"ImageObject\",\"inLanguage\":\"en-US\",\"@id\":\"https:\\\/\\\/secure.gravatar.com\\\/avatar\\\/1f69d2a19577f2ebb2146b44e27511ba7be2f4ae13e71d254ea8b2a63f6cd464?s=96&d=mm&r=g\",\"url\":\"https:\\\/\\\/secure.gravatar.com\\\/avatar\\\/1f69d2a19577f2ebb2146b44e27511ba7be2f4ae13e71d254ea8b2a63f6cd464?s=96&d=mm&r=g\",\"contentUrl\":\"https:\\\/\\\/secure.gravatar.com\\\/avatar\\\/1f69d2a19577f2ebb2146b44e27511ba7be2f4ae13e71d254ea8b2a63f6cd464?s=96&d=mm&r=g\",\"caption\":\"Conchi Roque\"},\"url\":\"https:\\\/\\\/catalanwines.com\\\/en\\\/author\\\/conchi\\\/\"}]}<\/script>\n<!-- \/ Yoast SEO plugin. -->","yoast_head_json":{"title":"Pyrenees Wine Fair - Catalan Wines","description":"Tota l'actualitat, informaci\u00f3 i \u00faltimes not\u00edcies del sector vitivin\u00edcola catal\u00e0 les trobar\u00e0s a Catalan Wines.","robots":{"index":"index","follow":"follow","max-snippet":"max-snippet:-1","max-image-preview":"max-image-preview:large","max-video-preview":"max-video-preview:-1"},"canonical":"https:\/\/catalanwines.com\/en\/pyrenees-wine-fair\/","og_locale":"en_US","og_type":"article","og_title":"Pyrenees Wine Fair - Catalan Wines","og_description":"Tota l'actualitat, informaci\u00f3 i \u00faltimes not\u00edcies del sector vitivin\u00edcola catal\u00e0 les trobar\u00e0s a Catalan Wines.","og_url":"https:\/\/catalanwines.com\/en\/pyrenees-wine-fair\/","og_site_name":"Catalan Wines","article_published_time":"2023-03-30T11:12:22+00:00","article_modified_time":"2023-03-30T11:13:15+00:00","og_image":[{"width":1080,"height":1080,"url":"https:\/\/catalanwines.com\/app\/uploads\/2023\/03\/Fira-del-Vi-del-Pirineu.jpg","type":"image\/jpeg"}],"author":"Conchi Roque","twitter_card":"summary_large_image","twitter_misc":{"Written by":"Conchi Roque","Est. reading time":"1 minute"},"schema":{"@context":"https:\/\/schema.org","@graph":[{"@type":"Article","@id":"https:\/\/catalanwines.com\/en\/pyrenees-wine-fair\/#article","isPartOf":{"@id":"https:\/\/catalanwines.com\/en\/pyrenees-wine-fair\/"},"author":{"name":"Conchi Roque","@id":"https:\/\/catalanwines.com\/en\/#\/schema\/person\/42887927d38e04967b972951cb4b6e4c"},"headline":"Pyrenees Wine Fair","datePublished":"2023-03-30T11:12:22+00:00","dateModified":"2023-03-30T11:13:15+00:00","mainEntityOfPage":{"@id":"https:\/\/catalanwines.com\/en\/pyrenees-wine-fair\/"},"wordCount":91,"commentCount":0,"image":{"@id":"https:\/\/catalanwines.com\/en\/pyrenees-wine-fair\/#primaryimage"},"thumbnailUrl":"https:\/\/catalanwines.com\/app\/uploads\/2023\/03\/Fira-del-Vi-del-Pirineu.jpg","articleSection":["Agenda"],"inLanguage":"en-US","potentialAction":[{"@type":"CommentAction","name":"Comment","target":["https:\/\/catalanwines.com\/en\/pyrenees-wine-fair\/#respond"]}]},{"@type":"WebPage","@id":"https:\/\/catalanwines.com\/en\/pyrenees-wine-fair\/","url":"https:\/\/catalanwines.com\/en\/pyrenees-wine-fair\/","name":"Pyrenees Wine Fair - Catalan Wines","isPartOf":{"@id":"https:\/\/catalanwines.com\/en\/#website"},"primaryImageOfPage":{"@id":"https:\/\/catalanwines.com\/en\/pyrenees-wine-fair\/#primaryimage"},"image":{"@id":"https:\/\/catalanwines.com\/en\/pyrenees-wine-fair\/#primaryimage"},"thumbnailUrl":"https:\/\/catalanwines.com\/app\/uploads\/2023\/03\/Fira-del-Vi-del-Pirineu.jpg","datePublished":"2023-03-30T11:12:22+00:00","dateModified":"2023-03-30T11:13:15+00:00","author":{"@id":"https:\/\/catalanwines.com\/en\/#\/schema\/person\/42887927d38e04967b972951cb4b6e4c"},"description":"Tota l'actualitat, informaci\u00f3 i \u00faltimes not\u00edcies del sector vitivin\u00edcola catal\u00e0 les trobar\u00e0s a Catalan Wines.","breadcrumb":{"@id":"https:\/\/catalanwines.com\/en\/pyrenees-wine-fair\/#breadcrumb"},"inLanguage":"en-US","potentialAction":[{"@type":"ReadAction","target":["https:\/\/catalanwines.com\/en\/pyrenees-wine-fair\/"]}]},{"@type":"ImageObject","inLanguage":"en-US","@id":"https:\/\/catalanwines.com\/en\/pyrenees-wine-fair\/#primaryimage","url":"https:\/\/catalanwines.com\/app\/uploads\/2023\/03\/Fira-del-Vi-del-Pirineu.jpg","contentUrl":"https:\/\/catalanwines.com\/app\/uploads\/2023\/03\/Fira-del-Vi-del-Pirineu.jpg","width":1080,"height":1080},{"@type":"BreadcrumbList","@id":"https:\/\/catalanwines.com\/en\/pyrenees-wine-fair\/#breadcrumb","itemListElement":[{"@type":"ListItem","position":1,"name":"Inici","item":"https:\/\/catalanwines.com\/en\/"},{"@type":"ListItem","position":2,"name":"Pyrenees Wine Fair"}]},{"@type":"WebSite","@id":"https:\/\/catalanwines.com\/en\/#website","url":"https:\/\/catalanwines.com\/en\/","name":"Catalan Wines","description":"Catalunya, on el vi es cultura","potentialAction":[{"@type":"SearchAction","target":{"@type":"EntryPoint","urlTemplate":"https:\/\/catalanwines.com\/en\/?s={search_term_string}"},"query-input":{"@type":"PropertyValueSpecification","valueRequired":true,"valueName":"search_term_string"}}],"inLanguage":"en-US"},{"@type":"Person","@id":"https:\/\/catalanwines.com\/en\/#\/schema\/person\/42887927d38e04967b972951cb4b6e4c","name":"Conchi Roque","image":{"@type":"ImageObject","inLanguage":"en-US","@id":"https:\/\/secure.gravatar.com\/avatar\/1f69d2a19577f2ebb2146b44e27511ba7be2f4ae13e71d254ea8b2a63f6cd464?s=96&d=mm&r=g","url":"https:\/\/secure.gravatar.com\/avatar\/1f69d2a19577f2ebb2146b44e27511ba7be2f4ae13e71d254ea8b2a63f6cd464?s=96&d=mm&r=g","contentUrl":"https:\/\/secure.gravatar.com\/avatar\/1f69d2a19577f2ebb2146b44e27511ba7be2f4ae13e71d254ea8b2a63f6cd464?s=96&d=mm&r=g","caption":"Conchi Roque"},"url":"https:\/\/catalanwines.com\/en\/author\/conchi\/"}]}},"_links":{"self":[{"href":"https:\/\/catalanwines.com\/en\/wp-json\/wp\/v2\/posts\/2613","targetHints":{"allow":["GET"]}}],"collection":[{"href":"https:\/\/catalanwines.com\/en\/wp-json\/wp\/v2\/posts"}],"about":[{"href":"https:\/\/catalanwines.com\/en\/wp-json\/wp\/v2\/types\/post"}],"author":[{"embeddable":true,"href":"https:\/\/catalanwines.com\/en\/wp-json\/wp\/v2\/users\/6"}],"replies":[{"embeddable":true,"href":"https:\/\/catalanwines.com\/en\/wp-json\/wp\/v2\/comments?post=2613"}],"version-history":[{"count":2,"href":"https:\/\/catalanwines.com\/en\/wp-json\/wp\/v2\/posts\/2613\/revisions"}],"predecessor-version":[{"id":2615,"href":"https:\/\/catalanwines.com\/en\/wp-json\/wp\/v2\/posts\/2613\/revisions\/2615"}],"wp:featuredmedia":[{"embeddable":true,"href":"https:\/\/catalanwines.com\/en\/wp-json\/wp\/v2\/media\/2609"}],"wp:attachment":[{"href":"https:\/\/catalanwines.com\/en\/wp-json\/wp\/v2\/media?parent=2613"}],"wp:term":[{"taxonomy":"category","embeddable":true,"href":"https:\/\/catalanwines.com\/en\/wp-json\/wp\/v2\/categories?post=2613"},{"taxonomy":"post_tag","embeddable":true,"href":"https:\/\/catalanwines.com\/en\/wp-json\/wp\/v2\/tags?post=2613"}],"curies":[{"name":"wp","href":"https:\/\/api.w.org\/{rel}","templated":true}]}}